{"id":8449,"date":"2021-11-08T14:54:00","date_gmt":"2021-11-08T13:54:00","guid":{"rendered":"https:\/\/www.gemadec.com\/?p=8449"},"modified":"2023-05-08T13:12:06","modified_gmt":"2023-05-08T11:12:06","slug":"2eme-mandat-pour-rabii-vice-president-du-dmab","status":"publish","type":"post","link":"https:\/\/www.gemadec.com\/en\/2eme-mandat-pour-rabii-vice-president-du-dmab\/","title":{"rendered":"2\u00c8ME MANDAT POUR TOUHAMI RABII \u00c0 LA VICE-PR\u00c9SIDENCE DU DMAB"},"content":{"rendered":"<h2 class=\"wp-block-heading\"><strong>2\u00c8ME MANDAT POUR RABII VICE-PR\u00c9SIDENT DU DMAB<\/strong><\/h2>\n\n\n\n<p><strong>Ce mercredi 8 d\u00e9cembre 2021, s\u2019est tenue, au si\u00e8ge de l\u2019Union postale universelle (UPU) \u00e0 Berne en Suisse, l\u2019Assembl\u00e9e g\u00e9n\u00e9rale du direct marketing advisory board (DMAB) de l\u2019UPU, pour l\u2019\u00e9lection des instances de sa gouvernance, \u00e0 savoir son pr\u00e9sident et son vice-pr\u00e9sident, pour le cycle 2022-2025.<\/strong><\/p>\n\n\n\n<p>C\u2019est ainsi que Touhami Rabii, pr\u00e9sident directeur g\u00e9n\u00e9ral de GEMADEC, a \u00e9t\u00e9 r\u00e9\u00e9lu par acclamation g\u00e9n\u00e9rale de l\u2019Assembl\u00e9e pour un deuxi\u00e8me mandat, \u00e0 la vice-pr\u00e9sidence du DMAB de l\u2019UPU. Berlindi van Eck, repr\u00e9sentante de la NamPost (Poste namibienne) a \u00e9t\u00e9, pour sa part, \u00e9lue pr\u00e9sidente.<\/p>\n\n\n\n<p>\u00ab\u00a0<em>Un honneur et une responsabilit\u00e9 que Touhami Rabii doit porter afin de continuer \u00e0 contribuer au d\u00e9veloppement et \u00e0 la transformation digitale des op\u00e9rateurs postaux<\/em>\u00ab\u00a0, lit-on dans un communiqu\u00e9 parvenu \u00e0&nbsp;<em>SNRTNews<\/em>.&nbsp;C\u2019est \u00e9galement en \u00e9tant au c\u0153ur m\u00eame de l\u2019agence de l\u2019ONU en charge du m\u00e9tier de la Poste, qu\u2019il pourra apporter et partager l\u2019exp\u00e9rience cumul\u00e9e de GEMADEC dans l\u2019accompagnement et la mise en place de solutions telles que le courrier hybride chez plusieurs op\u00e9rateurs postaux dans le monde.<\/p>\n\n\n\n<p>\u00ab\u00a0<em>Cette r\u00e9\u00e9lection \u00e0 la t\u00eate du DMAB de l\u2019UPU confirme l\u2019expertise et l\u2019exp\u00e9rience ind\u00e9niable de GEMADEC aupr\u00e8s des Postes et confirme la n\u00e9cessit\u00e9 pour les organisations postales de continuer leur mutation digitale en devenant le tiers de confiance num\u00e9rique par excellence<\/em>\u00ab\u00a0,&nbsp;a d\u00e9clar\u00e9 Touhami Rabii. Le DMAB est le seul organe de l&rsquo;UPU dont les membres sont, en plus des op\u00e9rateurs postaux des pays-membres de l&rsquo;ONU, des entreprises priv\u00e9es et des associations professionnelles du secteur.<\/p>\n\n\n\n<p>Par ailleurs, et toujours selon le communiqu\u00e9, Touhami Rabii a pour mission de stimuler la croissance du marketing direct \u00e0 travers les op\u00e9rateurs postaux, en les positionnant comme des canaux essentiels \u00e0 son d\u00e9veloppement. Car au final, le DMAB contribue \u00e0 la croissance \u00e9conomique et \u00e0 l&rsquo;extension des march\u00e9s, en am\u00e9liorant les connaissances et en d\u00e9veloppant le savoir-faire des acteurs du marketing direct \u00e0 tous les niveaux.<\/p>\n\n\n\n<p class=\"has-text-align-right\"><a href=\"https:\/\/snrtnews.com\/fr\/article\/touhami-rabii-un-second-mandat-%C3%A0-lunion-postale-universelle\" data-type=\"URL\" data-id=\"https:\/\/snrtnews.com\/fr\/article\/touhami-rabii-un-second-mandat-%C3%A0-lunion-postale-universelle\" target=\"_blank\" rel=\"noreferrer noopener\">Source 1<\/a> | <a href=\"https:\/\/cio-mag.com\/un-deuxieme-mandat-pour-le-marocain-touhami-rabii-a-la-vice-presidence-du-dmab-de-lunion-postale-universelle\/\" data-type=\"URL\" data-id=\"https:\/\/cio-mag.com\/un-deuxieme-mandat-pour-le-marocain-touhami-rabii-a-la-vice-presidence-du-dmab-de-lunion-postale-universelle\/\" target=\"_blank\" rel=\"noreferrer noopener\">Source 2<\/a> | <a href=\"https:\/\/www.infomediaire.net\/un-2eme-mandat-pour-le-marocain-touhami-rabii-a-la-vice-presidence-du-dmab-de-lunion-postale-universelle\/\" data-type=\"URL\" data-id=\"https:\/\/www.infomediaire.net\/un-2eme-mandat-pour-le-marocain-touhami-rabii-a-la-vice-presidence-du-dmab-de-lunion-postale-universelle\/\" target=\"_blank\" rel=\"noreferrer noopener\">Source 3<\/a><\/p>","protected":false},"excerpt":{"rendered":"<p>2\u00c8ME MANDAT POUR RABII VICE-PR\u00c9SIDENT DU DMAB Ce mercredi 8 d\u00e9cembre 2021, s\u2019est tenue, au si\u00e8ge de l\u2019Union postale universelle (UPU) \u00e0 Berne en Suisse, l\u2019Assembl\u00e9e g\u00e9n\u00e9rale du direct marketing advisory board (DMAB) de l\u2019UPU, pour l\u2019\u00e9lection des instances de sa gouvernance, \u00e0 savoir son pr\u00e9sident et son vice-pr\u00e9sident, pour le cycle 2022-2025. C\u2019est ainsi [&hellip;]<\/p>","protected":false},"author":1,"featured_media":10212,"comment_status":"closed","ping_status":"closed","sticky":false,"template":"","format":"standard","meta":{"_joinchat":[],"footnotes":""},"categories":[73],"tags":[],"class_list":["post-8449","post","type-post","status-publish","format-standard","has-post-thumbnail","hentry","category-revue-de-presse"],"yoast_head":"<!-- This site is optimized with the Yoast SEO plugin v20.12 - https:\/\/yoast.com\/wordpress\/plugins\/seo\/ -->\n<title>2\u00c8ME MANDAT POUR TOUHAMI RABII \u00c0 LA VICE-PR\u00c9SIDENCE DU DMAB - GEMADEC<\/title>\n<meta name=\"robots\" content=\"index, follow, max-snippet:-1, max-image-preview:large, max-video-preview:-1\" \/>\n<link rel=\"canonical\" href=\"https:\/\/www.gemadec.com\/en\/2eme-mandat-pour-rabii-vice-president-du-dmab\/\" \/>\n<meta property=\"og:locale\" content=\"en_US\" \/>\n<meta property=\"og:type\" content=\"article\" \/>\n<meta property=\"og:title\" content=\"2\u00c8ME MANDAT POUR TOUHAMI RABII \u00c0 LA VICE-PR\u00c9SIDENCE DU DMAB - GEMADEC\" \/>\n<meta property=\"og:description\" content=\"2\u00c8ME MANDAT POUR RABII VICE-PR\u00c9SIDENT DU DMAB Ce mercredi 8 d\u00e9cembre 2021, s\u2019est tenue, au si\u00e8ge de l\u2019Union postale universelle (UPU) \u00e0 Berne en Suisse, l\u2019Assembl\u00e9e g\u00e9n\u00e9rale du direct marketing advisory board (DMAB) de l\u2019UPU, pour l\u2019\u00e9lection des instances de sa gouvernance, \u00e0 savoir son pr\u00e9sident et son vice-pr\u00e9sident, pour le cycle 2022-2025. C\u2019est ainsi [&hellip;]\" \/>\n<meta property=\"og:url\" content=\"https:\/\/www.gemadec.com\/en\/2eme-mandat-pour-rabii-vice-president-du-dmab\/\" \/>\n<meta property=\"og:site_name\" content=\"GEMADEC\" \/>\n<meta property=\"article:publisher\" content=\"https:\/\/www.facebook.com\/people\/Gemadec\/100029971880418\/\" \/>\n<meta property=\"article:published_time\" content=\"2021-11-08T13:54:00+00:00\" \/>\n<meta property=\"article:modified_time\" content=\"2023-05-08T11:12:06+00:00\" \/>\n<meta property=\"og:image\" content=\"https:\/\/www.gemadec.com\/wp-content\/uploads\/2021\/12\/2EME_MANDAT_DMAB.jpeg\" \/>\n\t<meta property=\"og:image:width\" content=\"525\" \/>\n\t<meta property=\"og:image:height\" content=\"400\" \/>\n\t<meta property=\"og:image:type\" content=\"image\/jpeg\" \/>\n<meta name=\"author\" content=\"admin\" \/>\n<meta name=\"twitter:card\" content=\"summary_large_image\" \/>\n<meta name=\"twitter:creator\" content=\"@GEMADEC1\" \/>\n<meta name=\"twitter:site\" content=\"@GEMADEC1\" \/>\n<meta name=\"twitter:label1\" content=\"Written by\" \/>\n\t<meta name=\"twitter:data1\" content=\"admin\" \/>\n\t<meta name=\"twitter:label2\" content=\"Est. reading time\" \/>\n\t<meta name=\"twitter:data2\" content=\"2 minutes\" \/>\n<script type=\"application\/ld+json\" class=\"yoast-schema-graph\">{\"@context\":\"https:\/\/schema.org\",\"@graph\":[{\"@type\":\"Article\",\"@id\":\"https:\/\/www.gemadec.com\/2eme-mandat-pour-rabii-vice-president-du-dmab\/#article\",\"isPartOf\":{\"@id\":\"https:\/\/www.gemadec.com\/2eme-mandat-pour-rabii-vice-president-du-dmab\/\"},\"author\":{\"name\":\"admin\",\"@id\":\"https:\/\/www.gemadec.com\/#\/schema\/person\/15248ef04d2c2f5c3563bd61e8e13ebd\"},\"headline\":\"2\u00c8ME MANDAT POUR TOUHAMI RABII \u00c0 LA VICE-PR\u00c9SIDENCE DU DMAB\",\"datePublished\":\"2021-11-08T13:54:00+00:00\",\"dateModified\":\"2023-05-08T11:12:06+00:00\",\"mainEntityOfPage\":{\"@id\":\"https:\/\/www.gemadec.com\/2eme-mandat-pour-rabii-vice-president-du-dmab\/\"},\"wordCount\":381,\"publisher\":{\"@id\":\"https:\/\/www.gemadec.com\/#organization\"},\"articleSection\":[\"REVUE DE PRESSE\"],\"inLanguage\":\"en-US\"},{\"@type\":\"WebPage\",\"@id\":\"https:\/\/www.gemadec.com\/2eme-mandat-pour-rabii-vice-president-du-dmab\/\",\"url\":\"https:\/\/www.gemadec.com\/2eme-mandat-pour-rabii-vice-president-du-dmab\/\",\"name\":\"2\u00c8ME MANDAT POUR TOUHAMI RABII \u00c0 LA VICE-PR\u00c9SIDENCE DU DMAB - GEMADEC\",\"isPartOf\":{\"@id\":\"https:\/\/www.gemadec.com\/#website\"},\"datePublished\":\"2021-11-08T13:54:00+00:00\",\"dateModified\":\"2023-05-08T11:12:06+00:00\",\"breadcrumb\":{\"@id\":\"https:\/\/www.gemadec.com\/2eme-mandat-pour-rabii-vice-president-du-dmab\/#breadcrumb\"},\"inLanguage\":\"en-US\",\"potentialAction\":[{\"@type\":\"ReadAction\",\"target\":[\"https:\/\/www.gemadec.com\/2eme-mandat-pour-rabii-vice-president-du-dmab\/\"]}]},{\"@type\":\"BreadcrumbList\",\"@id\":\"https:\/\/www.gemadec.com\/2eme-mandat-pour-rabii-vice-president-du-dmab\/#breadcrumb\",\"itemListElement\":[{\"@type\":\"ListItem\",\"position\":1,\"name\":\"Accueil\",\"item\":\"https:\/\/www.gemadec.com\/\"},{\"@type\":\"ListItem\",\"position\":2,\"name\":\"2\u00c8ME MANDAT POUR TOUHAMI RABII \u00c0 LA VICE-PR\u00c9SIDENCE DU DMAB\"}]},{\"@type\":\"WebSite\",\"@id\":\"https:\/\/www.gemadec.com\/#website\",\"url\":\"https:\/\/www.gemadec.com\/\",\"name\":\"GEMADEC\",\"description\":\"Information Technology Innovator\",\"publisher\":{\"@id\":\"https:\/\/www.gemadec.com\/#organization\"},\"alternateName\":\"GEMADEC\",\"potentialAction\":[{\"@type\":\"SearchAction\",\"target\":{\"@type\":\"EntryPoint\",\"urlTemplate\":\"https:\/\/www.gemadec.com\/?s={search_term_string}\"},\"query-input\":\"required name=search_term_string\"}],\"inLanguage\":\"en-US\"},{\"@type\":\"Organization\",\"@id\":\"https:\/\/www.gemadec.com\/#organization\",\"name\":\"GEMADEC\",\"alternateName\":\"GEMADEC\",\"url\":\"https:\/\/www.gemadec.com\/\",\"logo\":{\"@type\":\"ImageObject\",\"inLanguage\":\"en-US\",\"@id\":\"https:\/\/www.gemadec.com\/#\/schema\/logo\/image\/\",\"url\":\"https:\/\/www.gemadec.com\/wp-content\/uploads\/2023\/02\/logo.png\",\"contentUrl\":\"https:\/\/www.gemadec.com\/wp-content\/uploads\/2023\/02\/logo.png\",\"width\":137,\"height\":107,\"caption\":\"GEMADEC\"},\"image\":{\"@id\":\"https:\/\/www.gemadec.com\/#\/schema\/logo\/image\/\"},\"sameAs\":[\"https:\/\/www.facebook.com\/people\/Gemadec\/100029971880418\/\",\"https:\/\/twitter.com\/GEMADEC1\",\"https:\/\/www.linkedin.com\/company\/gemadec?originalSubdomain=ma\",\"https:\/\/www.youtube.com\/channel\/UCEUuSFwSEEmkrhJ-YCYon4Q\"]},{\"@type\":\"Person\",\"@id\":\"https:\/\/www.gemadec.com\/#\/schema\/person\/15248ef04d2c2f5c3563bd61e8e13ebd\",\"name\":\"admin\",\"image\":{\"@type\":\"ImageObject\",\"inLanguage\":\"en-US\",\"@id\":\"https:\/\/www.gemadec.com\/#\/schema\/person\/image\/\",\"url\":\"https:\/\/secure.gravatar.com\/avatar\/aa681d9b375fea6cf48913f63a47b4dcc5683b97001c0617a1762d67ce41c3a0?s=96&d=mm&r=g\",\"contentUrl\":\"https:\/\/secure.gravatar.com\/avatar\/aa681d9b375fea6cf48913f63a47b4dcc5683b97001c0617a1762d67ce41c3a0?s=96&d=mm&r=g\",\"caption\":\"admin\"},\"sameAs\":[\"https:\/\/www.gemadec.com\"],\"url\":\"https:\/\/www.gemadec.com\/en\/author\/admin\/\"}]}<\/script>\n<!-- \/ Yoast SEO plugin. -->","yoast_head_json":{"title":"2\u00c8ME MANDAT POUR TOUHAMI RABII \u00c0 LA VICE-PR\u00c9SIDENCE DU DMAB - GEMADEC","robots":{"index":"index","follow":"follow","max-snippet":"max-snippet:-1","max-image-preview":"max-image-preview:large","max-video-preview":"max-video-preview:-1"},"canonical":"https:\/\/www.gemadec.com\/en\/2eme-mandat-pour-rabii-vice-president-du-dmab\/","og_locale":"en_US","og_type":"article","og_title":"2\u00c8ME MANDAT POUR TOUHAMI RABII \u00c0 LA VICE-PR\u00c9SIDENCE DU DMAB - GEMADEC","og_description":"2\u00c8ME MANDAT POUR RABII VICE-PR\u00c9SIDENT DU DMAB Ce mercredi 8 d\u00e9cembre 2021, s\u2019est tenue, au si\u00e8ge de l\u2019Union postale universelle (UPU) \u00e0 Berne en Suisse, l\u2019Assembl\u00e9e g\u00e9n\u00e9rale du direct marketing advisory board (DMAB) de l\u2019UPU, pour l\u2019\u00e9lection des instances de sa gouvernance, \u00e0 savoir son pr\u00e9sident et son vice-pr\u00e9sident, pour le cycle 2022-2025. C\u2019est ainsi [&hellip;]","og_url":"https:\/\/www.gemadec.com\/en\/2eme-mandat-pour-rabii-vice-president-du-dmab\/","og_site_name":"GEMADEC","article_publisher":"https:\/\/www.facebook.com\/people\/Gemadec\/100029971880418\/","article_published_time":"2021-11-08T13:54:00+00:00","article_modified_time":"2023-05-08T11:12:06+00:00","og_image":[{"width":525,"height":400,"url":"https:\/\/www.gemadec.com\/wp-content\/uploads\/2021\/12\/2EME_MANDAT_DMAB.jpeg","type":"image\/jpeg"}],"author":"admin","twitter_card":"summary_large_image","twitter_creator":"@GEMADEC1","twitter_site":"@GEMADEC1","twitter_misc":{"Written by":"admin","Est. reading time":"2 minutes"},"schema":{"@context":"https:\/\/schema.org","@graph":[{"@type":"Article","@id":"https:\/\/www.gemadec.com\/2eme-mandat-pour-rabii-vice-president-du-dmab\/#article","isPartOf":{"@id":"https:\/\/www.gemadec.com\/2eme-mandat-pour-rabii-vice-president-du-dmab\/"},"author":{"name":"admin","@id":"https:\/\/www.gemadec.com\/#\/schema\/person\/15248ef04d2c2f5c3563bd61e8e13ebd"},"headline":"2\u00c8ME MANDAT POUR TOUHAMI RABII \u00c0 LA VICE-PR\u00c9SIDENCE DU DMAB","datePublished":"2021-11-08T13:54:00+00:00","dateModified":"2023-05-08T11:12:06+00:00","mainEntityOfPage":{"@id":"https:\/\/www.gemadec.com\/2eme-mandat-pour-rabii-vice-president-du-dmab\/"},"wordCount":381,"publisher":{"@id":"https:\/\/www.gemadec.com\/#organization"},"articleSection":["REVUE DE PRESSE"],"inLanguage":"en-US"},{"@type":"WebPage","@id":"https:\/\/www.gemadec.com\/2eme-mandat-pour-rabii-vice-president-du-dmab\/","url":"https:\/\/www.gemadec.com\/2eme-mandat-pour-rabii-vice-president-du-dmab\/","name":"2\u00c8ME MANDAT POUR TOUHAMI RABII \u00c0 LA VICE-PR\u00c9SIDENCE DU DMAB - GEMADEC","isPartOf":{"@id":"https:\/\/www.gemadec.com\/#website"},"datePublished":"2021-11-08T13:54:00+00:00","dateModified":"2023-05-08T11:12:06+00:00","breadcrumb":{"@id":"https:\/\/www.gemadec.com\/2eme-mandat-pour-rabii-vice-president-du-dmab\/#breadcrumb"},"inLanguage":"en-US","potentialAction":[{"@type":"ReadAction","target":["https:\/\/www.gemadec.com\/2eme-mandat-pour-rabii-vice-president-du-dmab\/"]}]},{"@type":"BreadcrumbList","@id":"https:\/\/www.gemadec.com\/2eme-mandat-pour-rabii-vice-president-du-dmab\/#breadcrumb","itemListElement":[{"@type":"ListItem","position":1,"name":"Accueil","item":"https:\/\/www.gemadec.com\/"},{"@type":"ListItem","position":2,"name":"2\u00c8ME MANDAT POUR TOUHAMI RABII \u00c0 LA VICE-PR\u00c9SIDENCE DU DMAB"}]},{"@type":"WebSite","@id":"https:\/\/www.gemadec.com\/#website","url":"https:\/\/www.gemadec.com\/","name":"GEMADEC","description":"Information Technology Innovator","publisher":{"@id":"https:\/\/www.gemadec.com\/#organization"},"alternateName":"GEMADEC","potentialAction":[{"@type":"SearchAction","target":{"@type":"EntryPoint","urlTemplate":"https:\/\/www.gemadec.com\/?s={search_term_string}"},"query-input":"required name=search_term_string"}],"inLanguage":"en-US"},{"@type":"Organization","@id":"https:\/\/www.gemadec.com\/#organization","name":"GEMADEC","alternateName":"GEMADEC","url":"https:\/\/www.gemadec.com\/","logo":{"@type":"ImageObject","inLanguage":"en-US","@id":"https:\/\/www.gemadec.com\/#\/schema\/logo\/image\/","url":"https:\/\/www.gemadec.com\/wp-content\/uploads\/2023\/02\/logo.png","contentUrl":"https:\/\/www.gemadec.com\/wp-content\/uploads\/2023\/02\/logo.png","width":137,"height":107,"caption":"GEMADEC"},"image":{"@id":"https:\/\/www.gemadec.com\/#\/schema\/logo\/image\/"},"sameAs":["https:\/\/www.facebook.com\/people\/Gemadec\/100029971880418\/","https:\/\/twitter.com\/GEMADEC1","https:\/\/www.linkedin.com\/company\/gemadec?originalSubdomain=ma","https:\/\/www.youtube.com\/channel\/UCEUuSFwSEEmkrhJ-YCYon4Q"]},{"@type":"Person","@id":"https:\/\/www.gemadec.com\/#\/schema\/person\/15248ef04d2c2f5c3563bd61e8e13ebd","name":"admin","image":{"@type":"ImageObject","inLanguage":"en-US","@id":"https:\/\/www.gemadec.com\/#\/schema\/person\/image\/","url":"https:\/\/secure.gravatar.com\/avatar\/aa681d9b375fea6cf48913f63a47b4dcc5683b97001c0617a1762d67ce41c3a0?s=96&d=mm&r=g","contentUrl":"https:\/\/secure.gravatar.com\/avatar\/aa681d9b375fea6cf48913f63a47b4dcc5683b97001c0617a1762d67ce41c3a0?s=96&d=mm&r=g","caption":"admin"},"sameAs":["https:\/\/www.gemadec.com"],"url":"https:\/\/www.gemadec.com\/en\/author\/admin\/"}]}},"_links":{"self":[{"href":"https:\/\/www.gemadec.com\/en\/wp-json\/wp\/v2\/posts\/8449","targetHints":{"allow":["GET"]}}],"collection":[{"href":"https:\/\/www.gemadec.com\/en\/wp-json\/wp\/v2\/posts"}],"about":[{"href":"https:\/\/www.gemadec.com\/en\/wp-json\/wp\/v2\/types\/post"}],"author":[{"embeddable":true,"href":"https:\/\/www.gemadec.com\/en\/wp-json\/wp\/v2\/users\/1"}],"replies":[{"embeddable":true,"href":"https:\/\/www.gemadec.com\/en\/wp-json\/wp\/v2\/comments?post=8449"}],"version-history":[{"count":5,"href":"https:\/\/www.gemadec.com\/en\/wp-json\/wp\/v2\/posts\/8449\/revisions"}],"predecessor-version":[{"id":10189,"href":"https:\/\/www.gemadec.com\/en\/wp-json\/wp\/v2\/posts\/8449\/revisions\/10189"}],"wp:featuredmedia":[{"embeddable":true,"href":"https:\/\/www.gemadec.com\/en\/wp-json\/wp\/v2\/media\/10212"}],"wp:attachment":[{"href":"https:\/\/www.gemadec.com\/en\/wp-json\/wp\/v2\/media?parent=8449"}],"wp:term":[{"taxonomy":"category","embeddable":true,"href":"https:\/\/www.gemadec.com\/en\/wp-json\/wp\/v2\/categories?post=8449"},{"taxonomy":"post_tag","embeddable":true,"href":"https:\/\/www.gemadec.com\/en\/wp-json\/wp\/v2\/tags?post=8449"}],"curies":[{"name":"wp","href":"https:\/\/api.w.org\/{rel}","templated":true}]}}